{"id":149,"date":"2023-09-08T19:51:27","date_gmt":"2023-09-08T17:51:27","guid":{"rendered":"https:\/\/adpf.dansemeaux.com\/?p=149"},"modified":"2025-09-21T19:06:21","modified_gmt":"2025-09-21T17:06:21","slug":"bienvenu-a-lacademie","status":"publish","type":"post","link":"https:\/\/adpf.dansemeaux.com\/index.php\/2023\/09\/08\/bienvenu-a-lacademie\/","title":{"rendered":"BIENVENUE A L\u2019ACAD\u00c9MIE DE DANSE &#8211; PASSION ET FORMATION"},"content":{"rendered":"\n<p>Cr\u00e9\u00e9e en juin 2023, <strong>L\u2019Acad\u00e9mie de Danse &#8211; Passion et Formation<\/strong> est situ\u00e9e au 41 rue Aristide Briand \u00e0 Villenoy. Elle propose des cursus d\u2019enseignement d\u00e8s 4 ans par nos professeurs dipl\u00f4m\u00e9s d&rsquo;\u00e9tat en Classique, Modern\u2019jazz, Contemporain et barre au sol.&nbsp;<\/p>\n\n\n\n<p>En 2025, de nouvelles disciplines font leur entr\u00e9e : la Com\u00e9die musicale (d\u00e8s 8 ans), le Street jazz (d\u00e8s 9 ans) et l&rsquo;Atelier parent &#8211; enfant (pour les enfants de 3 ans accompagn\u00e9s d&rsquo;un parent)<\/p>\n\n\n\n<p>Les cours sont dispens\u00e9s sur 4 sites : trois \u00e0 Villenoy (Studio, salle 1871 et Salle des f\u00eates) et un \u00e0 Meaux (la Chapelle)<\/p>\n\n\n\n<p>L&rsquo;ADPF propose \u00e9galement des stages de danse dans diverses disciplines pendant les vacances scolaires (sauf celles de No\u00ebl)<\/p>\n\n\n\n<p>Nos \u00e9l\u00e8ves pr\u00e9sentent un gala en fin d\u2019ann\u00e9e et prennent  part aux manifestations organis\u00e9es localement.<\/p>\n\n\n\n<p>L&rsquo;Acad\u00e9mie pr\u00e9sente chaque ann\u00e9e des danseurs \u00e0 diff\u00e9rents concours, notamment la CND.<\/p>\n\n\n\n<p>Alors pourquoi pas vous ? N&rsquo;h\u00e9sitez pas \u00e0 nous contacter et \u00e0 venir faire un cours d&rsquo;essai, celui-ci est offert !<\/p>\n\n\n\n<p>Nous vous attendons avec impatience !<\/p>\n\n\n\n<figure class=\"wp-block-image size-large\"><img alt=\"\" loading=\"lazy\" decoding=\"async\" width=\"1024\" height=\"724\" src=\"https:\/\/adpf.dansemeaux.com\/wp-content\/uploads\/2023\/09\/ADRESSES-ADPF-2025-2026-1024x724.png\" alt=\"\" class=\"wp-image-627\" srcset=\"https:\/\/adpf.dansemeaux.com\/wp-content\/uploads\/2023\/09\/ADRESSES-ADPF-2025-2026-1024x724.png 1024w, https:\/\/adpf.dansemeaux.com\/wp-content\/uploads\/2023\/09\/ADRESSES-ADPF-2025-2026-300x212.png 300w, https:\/\/adpf.dansemeaux.com\/wp-content\/uploads\/2023\/09\/ADRESSES-ADPF-2025-2026-768x543.png 768w, https:\/\/adpf.dansemeaux.com\/wp-content\/uploads\/2023\/09\/ADRESSES-ADPF-2025-2026-1536x1086.png 1536w, https:\/\/adpf.dansemeaux.com\/wp-content\/uploads\/2023\/09\/ADRESSES-ADPF-2025-2026.png 2000w\" sizes=\"auto, (max-width: 1024px) 100vw, 1024px\" \/><\/figure>\n","protected":false},"excerpt":{"rendered":"<p>Cr\u00e9\u00e9e en juin 2023, L\u2019Acad\u00e9mie de Danse &#8211; Passion et Formation est situ\u00e9e au 41 rue Aristide Briand \u00e0 Villenoy. Elle propose des cursus d\u2019enseignement d\u00e8s 4 ans par nos professeurs dipl\u00f4m\u00e9s d&rsquo;\u00e9tat en Classique, Modern\u2019jazz, Contemporain et barre au sol.&nbsp; En 2025, de nouvelles disciplines font leur entr\u00e9e : la Com\u00e9die musicale (d\u00e8s 8 [&hellip;]<\/p>\n","protected":false},"author":1,"featured_media":0,"comment_status":"closed","ping_status":"closed","sticky":false,"template":"","format":"standard","meta":{"_seopress_robots_primary_cat":"","_seopress_titles_title":"","_seopress_titles_desc":"","_seopress_robots_index":"","footnotes":""},"categories":[1],"tags":[],"class_list":["post-149","post","type-post","status-publish","format-standard","hentry","category-non-classe"],"_links":{"self":[{"href":"https:\/\/adpf.dansemeaux.com\/index.php\/wp-json\/wp\/v2\/posts\/149","targetHints":{"allow":["GET"]}}],"collection":[{"href":"https:\/\/adpf.dansemeaux.com\/index.php\/wp-json\/wp\/v2\/posts"}],"about":[{"href":"https:\/\/adpf.dansemeaux.com\/index.php\/wp-json\/wp\/v2\/types\/post"}],"author":[{"embeddable":true,"href":"https:\/\/adpf.dansemeaux.com\/index.php\/wp-json\/wp\/v2\/users\/1"}],"replies":[{"embeddable":true,"href":"https:\/\/adpf.dansemeaux.com\/index.php\/wp-json\/wp\/v2\/comments?post=149"}],"version-history":[{"count":17,"href":"https:\/\/adpf.dansemeaux.com\/index.php\/wp-json\/wp\/v2\/posts\/149\/revisions"}],"predecessor-version":[{"id":760,"href":"https:\/\/adpf.dansemeaux.com\/index.php\/wp-json\/wp\/v2\/posts\/149\/revisions\/760"}],"wp:attachment":[{"href":"https:\/\/adpf.dansemeaux.com\/index.php\/wp-json\/wp\/v2\/media?parent=149"}],"wp:term":[{"taxonomy":"category","embeddable":true,"href":"https:\/\/adpf.dansemeaux.com\/index.php\/wp-json\/wp\/v2\/categories?post=149"},{"taxonomy":"post_tag","embeddable":true,"href":"https:\/\/adpf.dansemeaux.com\/index.php\/wp-json\/wp\/v2\/tags?post=149"}],"curies":[{"name":"wp","href":"https:\/\/api.w.org\/{rel}","templated":true}]}}